{"id":75,"date":"2020-02-11T09:12:11","date_gmt":"2020-02-11T09:12:11","guid":{"rendered":"https:\/\/eventthinking.org\/blog\/?p=75"},"modified":"2021-08-27T07:53:12","modified_gmt":"2021-08-27T07:53:12","slug":"ausschnitte-webinar-vom-05-02-2020","status":"publish","type":"post","link":"https:\/\/eventthinking.org\/blog\/?p=75","title":{"rendered":"Ausschnitte Webinar vom 05.02.2020"},"content":{"rendered":"\n<p class=\"has-medium-font-size\">Hier stellen wir Ausschnitte aus dem Webinar &#8220;Warum braucht man eigentlich Eventthinking?&#8221; vom 05.02.2020 etwas geschnitten in chronologischer Reihenfolge zur Verf\u00fcgung. <\/p>\n\n\n\n<p class=\"has-medium-font-size\">Die Pr\u00e4sentation kann man hier downloaden:<\/p>\n\n\n\n<div class=\"wp-block-file\"><a href=\"https:\/\/eventthinking.org\/blog\/wp-content\/uploads\/2020\/02\/Praesentation-Eventthinking-Webinar-05_02_2020-1.pdf\" target=\"_blank\" rel=\"noreferrer noopener\">Praesentation-Eventthinking-Webinar-05_02_2020-1<\/a><a href=\"https:\/\/eventthinking.org\/blog\/wp-content\/uploads\/2020\/02\/Praesentation-Eventthinking-Webinar-05_02_2020-1.pdf\" class=\"wp-block-file__button\" download>Herunterladen<\/a><\/div>\n\n\n\n<h4>Welches Problem soll mit Eventthinking gel\u00f6st werden? | Webinar vom 05.02.2020 (1\/7)<\/h4>\n\n\n\n<figure class=\"wp-block-embed is-type-video is-provider-youtube wp-block-embed-youtube wp-embed-aspect-16-9 wp-has-aspect-ratio\"><div class=\"wp-block-embed__wrapper\">\n<div class=\"tg-oembed-container\"><iframe title=\"Welches Problem soll mit Eventthinking gel\u00f6st werden? | Webinar vom 05.02.2020 (1\/7)\" width=\"812\" height=\"457\" src=\"https:\/\/www.youtube.com\/embed\/63LtArWyiS8?feature=oembed\" frameborder=\"0\" allow=\"accelerometer; autoplay; encrypted-media; gyroscope; picture-in-picture\" allowfullscreen><\/iframe><\/div>\n<\/div><\/figure>\n\n\n\n<h4>Wie soll das Problem mit Eventthinking gel\u00f6st werden? | Webinar vom 05.02.2020 (2\/7)<\/h4>\n\n\n\n<figure class=\"wp-block-embed is-type-video is-provider-youtube wp-block-embed-youtube wp-embed-aspect-16-9 wp-has-aspect-ratio\"><div class=\"wp-block-embed__wrapper\">\n<div class=\"tg-oembed-container\"><iframe title=\"Wie soll das Problem mit Eventthinking gel\u00f6st werden? | Webinar vom 05.02.2020 (2\/7)\" width=\"812\" height=\"457\" src=\"https:\/\/www.youtube.com\/embed\/2wIG5k5Rcwc?feature=oembed\" frameborder=\"0\" allow=\"accelerometer; autoplay; encrypted-media; gyroscope; picture-in-picture\" allowfullscreen><\/iframe><\/div>\n<\/div><\/figure>\n\n\n\n<h4>Was hat die\/der Eventplaner*in von Eventthinking? | Webinar vom 05.02.2020 (3\/7)<\/h4>\n\n\n\n<figure class=\"wp-block-embed is-type-video is-provider-youtube wp-block-embed-youtube wp-embed-aspect-16-9 wp-has-aspect-ratio\"><div class=\"wp-block-embed__wrapper\">\n<div class=\"tg-oembed-container\"><iframe title=\"Was hat die\/der Eventplaner*in von Eventthinking? | Webinar vom 05.02.2020 (3\/7)\" width=\"812\" height=\"457\" src=\"https:\/\/www.youtube.com\/embed\/aJ5CkVShGEk?feature=oembed\" frameborder=\"0\" allow=\"accelerometer; autoplay; encrypted-media; gyroscope; picture-in-picture\" allowfullscreen><\/iframe><\/div>\n<\/div><\/figure>\n\n\n\n<h4>Was macht die Eventthinking-Methode anders? | Webinar vom 05.02.2020 (4\/7)<\/h4>\n\n\n\n<figure class=\"wp-block-embed is-type-video is-provider-youtube wp-block-embed-youtube wp-embed-aspect-16-9 wp-has-aspect-ratio\"><div class=\"wp-block-embed__wrapper\">\n<div class=\"tg-oembed-container\"><iframe title=\"Was macht die Eventthinking-Methode anders? | Webinar vom 05.02.2020 (4\/7)\" width=\"812\" height=\"457\" src=\"https:\/\/www.youtube.com\/embed\/OaAfIErp-10?feature=oembed\" frameborder=\"0\" allow=\"accelerometer; autoplay; encrypted-media; gyroscope; picture-in-picture\" allowfullscreen><\/iframe><\/div>\n<\/div><\/figure>\n\n\n\n<h4>Was passiert in der Eventthinking Masterclass? | Webinar vom 05.02.2020 (5\/7)<\/h4>\n\n\n\n<figure class=\"wp-block-embed is-type-video is-provider-youtube wp-block-embed-youtube wp-embed-aspect-16-9 wp-has-aspect-ratio\"><div class=\"wp-block-embed__wrapper\">\n<div class=\"tg-oembed-container\"><iframe title=\"Was passiert in der Eventthinking Masterclass? | Webinar vom 05.02.2020 (5\/7)\" width=\"812\" height=\"457\" src=\"https:\/\/www.youtube.com\/embed\/-xW6eIdMWhI?feature=oembed\" frameborder=\"0\" allow=\"accelerometer; autoplay; encrypted-media; gyroscope; picture-in-picture\" allowfullscreen><\/iframe><\/div>\n<\/div><\/figure>\n\n\n\n<h4>Wie integriert Eventthinking die Design-Thinking-Elemente? | Webinar vom 05.02.2020 (6\/7)<\/h4>\n\n\n\n<figure class=\"wp-block-embed is-type-video is-provider-youtube wp-block-embed-youtube wp-embed-aspect-16-9 wp-has-aspect-ratio\"><div class=\"wp-block-embed__wrapper\">\n<div class=\"tg-oembed-container\"><iframe title=\"Wie integriert Eventthinking die Design-Thinking-Elemente? | Webinar vom 05.02.2020 (6\/7)\" width=\"812\" height=\"457\" src=\"https:\/\/www.youtube.com\/embed\/9Uv9bPzMR4M?feature=oembed\" frameborder=\"0\" allow=\"accelerometer; autoplay; encrypted-media; gyroscope; picture-in-picture\" allowfullscreen><\/iframe><\/div>\n<\/div><\/figure>\n\n\n\n<h4>Welche Wesensz\u00fcge unterscheiden Events von Theater und Film? | Webinar vom 05.02.2020 (7\/7)<\/h4>\n\n\n\n<figure class=\"wp-block-embed is-type-video is-provider-youtube wp-block-embed-youtube wp-embed-aspect-16-9 wp-has-aspect-ratio\"><div class=\"wp-block-embed__wrapper\">\n<div class=\"tg-oembed-container\"><iframe title=\"Welche Wesensz\u00fcge unterscheiden Events von Theater und Film? | Webinar vom 05.02.2020 (7\/7)\" width=\"812\" height=\"457\" src=\"https:\/\/www.youtube.com\/embed\/XwEmbEjbfwI?feature=oembed\" frameborder=\"0\" allow=\"accelerometer; autoplay; encrypted-media; gyroscope; picture-in-picture\" allowfullscreen><\/iframe><\/div>\n<\/div><\/figure>\n","protected":false},"excerpt":{"rendered":"<p>Hier stellen wir Ausschnitte aus dem Webinar &#8220;Warum braucht man eigentlich Eventthinking?&#8221; vom 05.02.2020 etwas geschnitten in chronologischer Reihenfolge zur Verf\u00fcgung. Die Pr\u00e4sentation kann man hier downloaden: Welches Problem soll mit Eventthinking gel\u00f6st werden? | Webinar vom 05.02.2020 (1\/7) Wie soll das Problem mit Eventthinking gel\u00f6st werden? | Webinar vom 05.02.2020 (2\/7) Was hat die\/der [&hellip;]<\/p>\n","protected":false},"author":1,"featured_media":0,"comment_status":"closed","ping_status":"closed","sticky":false,"template":"","format":"standard","meta":[],"categories":[3,1],"tags":[],"_links":{"self":[{"href":"https:\/\/eventthinking.org\/blog\/index.php?rest_route=\/wp\/v2\/posts\/75"}],"collection":[{"href":"https:\/\/eventthinking.org\/blog\/index.php?rest_route=\/wp\/v2\/posts"}],"about":[{"href":"https:\/\/eventthinking.org\/blog\/index.php?rest_route=\/wp\/v2\/types\/post"}],"author":[{"embeddable":true,"href":"https:\/\/eventthinking.org\/blog\/index.php?rest_route=\/wp\/v2\/users\/1"}],"replies":[{"embeddable":true,"href":"https:\/\/eventthinking.org\/blog\/index.php?rest_route=%2Fwp%2Fv2%2Fcomments&post=75"}],"version-history":[{"count":13,"href":"https:\/\/eventthinking.org\/blog\/index.php?rest_route=\/wp\/v2\/posts\/75\/revisions"}],"predecessor-version":[{"id":126,"href":"https:\/\/eventthinking.org\/blog\/index.php?rest_route=\/wp\/v2\/posts\/75\/revisions\/126"}],"wp:attachment":[{"href":"https:\/\/eventthinking.org\/blog\/index.php?rest_route=%2Fwp%2Fv2%2Fmedia&parent=75"}],"wp:term":[{"taxonomy":"category","embeddable":true,"href":"https:\/\/eventthinking.org\/blog\/index.php?rest_route=%2Fwp%2Fv2%2Fcategories&post=75"},{"taxonomy":"post_tag","embeddable":true,"href":"https:\/\/eventthinking.org\/blog\/index.php?rest_route=%2Fwp%2Fv2%2Ftags&post=75"}],"curies":[{"name":"wp","href":"https:\/\/api.w.org\/{rel}","templated":true}]}}