{"id":50,"date":"2019-11-21T17:01:13","date_gmt":"2019-11-21T17:01:13","guid":{"rendered":"http:\/\/testing.eventthinking.org\/blog\/?p=50"},"modified":"2021-08-27T07:53:23","modified_gmt":"2021-08-27T07:53:23","slug":"georg-lichteneggers-why","status":"publish","type":"post","link":"https:\/\/eventthinking.org\/blog\/?p=50","title":{"rendered":"Georg Lichteneggers WHY"},"content":{"rendered":"\n<div class=\"wp-block-image\"><figure class=\"aligncenter is-resized\"><img loading=\"lazy\" src=\"http:\/\/testing.eventthinking.org\/blog\/wp-content\/uploads\/2019\/11\/Georg_Lichtenegger_Bildquelle_Tim-Haendel-1024x573.jpg\" alt=\"\" class=\"wp-image-28\" width=\"512\" height=\"287\" srcset=\"https:\/\/eventthinking.org\/blog\/wp-content\/uploads\/2019\/11\/Georg_Lichtenegger_Bildquelle_Tim-Haendel-1024x573.jpg 1024w, https:\/\/eventthinking.org\/blog\/wp-content\/uploads\/2019\/11\/Georg_Lichtenegger_Bildquelle_Tim-Haendel-300x168.jpg 300w, https:\/\/eventthinking.org\/blog\/wp-content\/uploads\/2019\/11\/Georg_Lichtenegger_Bildquelle_Tim-Haendel-768x430.jpg 768w\" sizes=\"(max-width: 512px) 100vw, 512px\" \/><figcaption>Foto: Tim H\u00e4ndel<\/figcaption><\/figure><\/div>\n\n\n\n<p class=\"has-medium-font-size\">Im\nJahr 2004 bin ich von meinem Elternhaus aus- und nach M\u00fcnchen gezogen. Es war\neine Zugfahrt von ca. eineinhalb Stunden. Es war aber eine l\u00e4ngere Reise, um\nauch <em>wirklich<\/em> in M\u00fcnchen anzukommen.\nNach einem solchen Umzug hat man viel freie Zeit, die es zu f\u00fcllen gilt. Ich\nhabe angefangen, die Vorstellungen der M\u00fcnchner Kammerspiele zu besuchen. Von\nden zahlreichen tollen Inszenierungen, die Frank Baumbauer und das Ensemble auf\ndie neu renovierte B\u00fchne brachten, war ich besonders von <em>Othello<\/em> inspiriert. Es ging um Beziehungen, Karrierew\u00fcnsche,\nLebensentw\u00fcrfe und nat\u00fcrlich die Liebe. Innerhalb von guten zwei Stunden wurde\nhier das Leben auf eine Art und Weise verhandelt, dass es mir f\u00fcr lange Zeit\nGedankenstoff gab. Diese, aber auch die weiteren Auff\u00fchrungen, haben mir aber\nnoch mehr bedeutet. Sie waren f\u00fcr mich <em>das\nAnkommen<\/em> in M\u00fcnchen. Sie hatten bei mir einen so starken Eindruck\nhinterlassen, dass ich mich in den Folgejahren selbst intensiv mit dem Theater\n\u2013 und im \u00dcbrigen auch mit Shakespeares Othello \u2013 besch\u00e4ftigt habe. <\/p>\n\n\n\n<p class=\"has-medium-font-size\">Szenenwechsel: Zw\u00f6lf Jahre sp\u00e4ter, 2017, war ich an der Konzeption und Realisation von zwei Corporate-Events auf Agenturseite beteiligt. Diese Vorhaben werden oft nicht mit dem intellektuellen und emotionalen \u201eVerhandeln von Welt\u201c in Verbindung gebracht. Es waren eine Fachveranstaltung f\u00fcr Arbeitsschutz und -sicherheit f\u00fcr Jugendliche sowie ein Kick-off Event zur digitalen Transformation einer internationalen Normenorganisation. Doch wenn man sich dieser Themen mit Passion annimmt, dann stellt man relativ schnell fest, dass es hier zwar vielleicht nicht um die Liebe, aber sehr wohl um Beziehungen, Karrierew\u00fcnsche und Lebensentw\u00fcrfe geht. Und deshalb bin ich froh, diese gro\u00dfe positive Energie miterleben zu d\u00fcrfen, die hochrangige B\u00fchnenprotagonisten zu Tr\u00e4nen ger\u00fchrt hat und einem Zuschauer vor allen Anwesenden dem Himmel danken lie\u00df, dass er dieser Session beiwohnen konnte.  <\/p>\n\n\n\n<p class=\"has-medium-font-size\">Diese Macht von Veranstaltungen, sei es nun ein Theaterabend oder eine Business-Konferenz, die Verhandlung von Welt in 1-3 Stunden zu packen, so dass sich f\u00fcr die Beteiligten die Wirklichkeit \u00e4ndert, diese Macht ist mein Antrieb, jeden Morgen aufzustehen. Deshalb will ich mich daf\u00fcr einsetzen, dass es nur noch sinnvolle, inspirierende und dadurch lebendige Unternehmensveranstaltungen gibt.  <\/p>\n","protected":false},"excerpt":{"rendered":"<p>Im Jahr 2004 bin ich von meinem Elternhaus aus- und nach M\u00fcnchen gezogen. Es war eine Zugfahrt von ca. eineinhalb Stunden. Es war aber eine l\u00e4ngere Reise, um auch wirklich in M\u00fcnchen anzukommen. Nach einem solchen Umzug hat man viel freie Zeit, die es zu f\u00fcllen gilt. Ich habe angefangen, die Vorstellungen der M\u00fcnchner Kammerspiele [&hellip;]<\/p>\n","protected":false},"author":1,"featured_media":0,"comment_status":"closed","ping_status":"closed","sticky":false,"template":"","format":"standard","meta":[],"categories":[1],"tags":[],"_links":{"self":[{"href":"https:\/\/eventthinking.org\/blog\/index.php?rest_route=\/wp\/v2\/posts\/50"}],"collection":[{"href":"https:\/\/eventthinking.org\/blog\/index.php?rest_route=\/wp\/v2\/posts"}],"about":[{"href":"https:\/\/eventthinking.org\/blog\/index.php?rest_route=\/wp\/v2\/types\/post"}],"author":[{"embeddable":true,"href":"https:\/\/eventthinking.org\/blog\/index.php?rest_route=\/wp\/v2\/users\/1"}],"replies":[{"embeddable":true,"href":"https:\/\/eventthinking.org\/blog\/index.php?rest_route=%2Fwp%2Fv2%2Fcomments&post=50"}],"version-history":[{"count":2,"href":"https:\/\/eventthinking.org\/blog\/index.php?rest_route=\/wp\/v2\/posts\/50\/revisions"}],"predecessor-version":[{"id":116,"href":"https:\/\/eventthinking.org\/blog\/index.php?rest_route=\/wp\/v2\/posts\/50\/revisions\/116"}],"wp:attachment":[{"href":"https:\/\/eventthinking.org\/blog\/index.php?rest_route=%2Fwp%2Fv2%2Fmedia&parent=50"}],"wp:term":[{"taxonomy":"category","embeddable":true,"href":"https:\/\/eventthinking.org\/blog\/index.php?rest_route=%2Fwp%2Fv2%2Fcategories&post=50"},{"taxonomy":"post_tag","embeddable":true,"href":"https:\/\/eventthinking.org\/blog\/index.php?rest_route=%2Fwp%2Fv2%2Ftags&post=50"}],"curies":[{"name":"wp","href":"https:\/\/api.w.org\/{rel}","templated":true}]}}